{"id":55,"date":"2026-04-09T13:03:43","date_gmt":"2026-04-09T11:03:43","guid":{"rendered":"https:\/\/www.hausarztzentrum-bad-bevensen.de\/aktuelles\/?p=55"},"modified":"2026-04-10T08:00:57","modified_gmt":"2026-04-10T06:00:57","slug":"sprechstunde-im-krummer-arm-7","status":"publish","type":"post","link":"https:\/\/www.hausarztzentrum-bad-bevensen.de\/aktuelles\/sprechstunde-im-krummer-arm-7\/","title":{"rendered":"Sprechstunde im Krummer Arm 7"},"content":{"rendered":"\n<p>Das Hausarztzentrum Bad Bevensen ist weiter personell gewachsen und der Platz in der Hauptpraxis Krummer Arm 1A wird langsam knapp. Deshalb findet ein Teil der Sprechstundentermine in unserer Zweigpraxis im Krummer Arm 7 statt. Ob Ihr Arzt oder Ihre \u00c4rztin die Sprechstunde dort abh\u00e4lt, sehen Sie vor den Eingangst\u00fcren anhand von Magnetschildern (siehe Beitragsfoto).<\/p>\n\n\n\n<p>Unsere Zweigpraxis finden Sie links von M\u00f6bel Reck. Eine eigene Anmeldung gibt es dort nicht, Sie setzen sich dort ins Wartezimmer und werden aufgerufen. Die Gesundheitskarten werden durch die \u00c4rztinnen und \u00c4rzte direkt im Sprechstundenzimmer eingelesen. Eine vorherige Anmeldung in der Hauptpraxis ist somit nicht notwendig.<\/p>\n\n\n\n<p>In Einzelf\u00e4llen sind Blutentnahmen oder EKG-Untersuchungen erforderlich, die wir nur in der Hauptpraxis durchf\u00fchren k\u00f6nnen. So kann es sein, dass sie nach der Sprechstunde in der Zweitpraxis in den Krummer Arm 1A weitergeleitet werden, damit diese Untersuchungen dort erfolgen k\u00f6nnen.<\/p>\n\n\n\n<p><\/p>\n","protected":false},"excerpt":{"rendered":"<p>Unser \u00c4rzteteam ist gewachsen. Deshalb finden unsere Sprechstunden teilweise in der Zweigpraxis im Krummer Arm 7 statt.<\/p>\n","protected":false},"author":2,"featured_media":56,"comment_status":"closed","ping_status":"closed","sticky":false,"template":"","format":"standard","meta":{"footnotes":""},"categories":[2],"tags":[],"class_list":["post-55","post","type-post","status-publish","format-standard","has-post-thumbnail","hentry","category-aktuelles-hausarztzentrum-bad-bevensen"],"yoast_head":"<!-- This site is optimized with the Yoast SEO plugin v27.4 - https:\/\/yoast.com\/product\/yoast-seo-wordpress\/ -->\n<title>Sprechstunde im Krummer Arm 7 - Aktuelles | Hausarztzentrum Bad Bevensen<\/title>\n<meta name=\"description\" content=\"Ein Teil der Sprechstunde findet im Krummer Arm 7 statt, da das \u00c4rzteteam gewachsen ist\" \/>\n<meta name=\"robots\" content=\"index, follow, max-snippet:-1, max-image-preview:large, max-video-preview:-1\" \/>\n<link rel=\"canonical\" href=\"https:\/\/www.hausarztzentrum-bad-bevensen.de\/aktuelles\/sprechstunde-im-krummer-arm-7\/\" \/>\n<meta property=\"og:locale\" content=\"de_DE\" \/>\n<meta property=\"og:type\" content=\"article\" \/>\n<meta property=\"og:title\" content=\"Sprechstunde im Krummer Arm 7 - Aktuelles | Hausarztzentrum Bad Bevensen\" \/>\n<meta property=\"og:description\" content=\"Ein Teil der Sprechstunde findet im Krummer Arm 7 statt, da das \u00c4rzteteam gewachsen ist\" \/>\n<meta property=\"og:url\" content=\"https:\/\/www.hausarztzentrum-bad-bevensen.de\/aktuelles\/sprechstunde-im-krummer-arm-7\/\" \/>\n<meta property=\"og:site_name\" content=\"Aktuelles | Hausarztzentrum Bad Bevensen\" \/>\n<meta property=\"article:published_time\" content=\"2026-04-09T11:03:43+00:00\" \/>\n<meta property=\"article:modified_time\" content=\"2026-04-10T06:00:57+00:00\" \/>\n<meta property=\"og:image\" content=\"https:\/\/www.hausarztzentrum-bad-bevensen.de\/aktuelles\/wp-content\/uploads\/2026\/04\/PXL_20260409_0625224542-scaled.jpg\" \/>\n\t<meta property=\"og:image:width\" content=\"2560\" \/>\n\t<meta property=\"og:image:height\" content=\"1928\" \/>\n\t<meta property=\"og:image:type\" content=\"image\/jpeg\" \/>\n<meta name=\"author\" content=\"Hausarztzentrum Bad Bevensen\" \/>\n<meta name=\"twitter:card\" content=\"summary_large_image\" \/>\n<meta name=\"twitter:label1\" content=\"Verfasst von\" \/>\n\t<meta name=\"twitter:data1\" content=\"Hausarztzentrum Bad Bevensen\" \/>\n\t<meta name=\"twitter:label2\" content=\"Gesch\u00e4tzte Lesezeit\" \/>\n\t<meta name=\"twitter:data2\" content=\"1\u00a0Minute\" \/>\n<script type=\"application\/ld+json\" class=\"yoast-schema-graph\">{\"@context\":\"https:\\\/\\\/schema.org\",\"@graph\":[{\"@type\":[\"Article\",\"BlogPosting\"],\"@id\":\"https:\\\/\\\/www.hausarztzentrum-bad-bevensen.de\\\/aktuelles\\\/sprechstunde-im-krummer-arm-7\\\/#article\",\"isPartOf\":{\"@id\":\"https:\\\/\\\/www.hausarztzentrum-bad-bevensen.de\\\/aktuelles\\\/sprechstunde-im-krummer-arm-7\\\/\"},\"author\":{\"name\":\"Hausarztzentrum Bad Bevensen\",\"@id\":\"https:\\\/\\\/www.hausarztzentrum-bad-bevensen.de\\\/aktuelles\\\/#\\\/schema\\\/person\\\/5441fb1a60a70bd0cfb34308ce6df150\"},\"headline\":\"Sprechstunde im Krummer Arm 7\",\"datePublished\":\"2026-04-09T11:03:43+00:00\",\"dateModified\":\"2026-04-10T06:00:57+00:00\",\"mainEntityOfPage\":{\"@id\":\"https:\\\/\\\/www.hausarztzentrum-bad-bevensen.de\\\/aktuelles\\\/sprechstunde-im-krummer-arm-7\\\/\"},\"wordCount\":150,\"publisher\":{\"@id\":\"https:\\\/\\\/www.hausarztzentrum-bad-bevensen.de\\\/aktuelles\\\/#organization\"},\"image\":{\"@id\":\"https:\\\/\\\/www.hausarztzentrum-bad-bevensen.de\\\/aktuelles\\\/sprechstunde-im-krummer-arm-7\\\/#primaryimage\"},\"thumbnailUrl\":\"https:\\\/\\\/www.hausarztzentrum-bad-bevensen.de\\\/aktuelles\\\/wp-content\\\/uploads\\\/2026\\\/04\\\/PXL_20260409_0625224542-scaled.jpg\",\"articleSection\":[\"Praxisinfos\"],\"inLanguage\":\"de\"},{\"@type\":\"WebPage\",\"@id\":\"https:\\\/\\\/www.hausarztzentrum-bad-bevensen.de\\\/aktuelles\\\/sprechstunde-im-krummer-arm-7\\\/\",\"url\":\"https:\\\/\\\/www.hausarztzentrum-bad-bevensen.de\\\/aktuelles\\\/sprechstunde-im-krummer-arm-7\\\/\",\"name\":\"Sprechstunde im Krummer Arm 7 - Aktuelles | Hausarztzentrum Bad Bevensen\",\"isPartOf\":{\"@id\":\"https:\\\/\\\/www.hausarztzentrum-bad-bevensen.de\\\/aktuelles\\\/#website\"},\"primaryImageOfPage\":{\"@id\":\"https:\\\/\\\/www.hausarztzentrum-bad-bevensen.de\\\/aktuelles\\\/sprechstunde-im-krummer-arm-7\\\/#primaryimage\"},\"image\":{\"@id\":\"https:\\\/\\\/www.hausarztzentrum-bad-bevensen.de\\\/aktuelles\\\/sprechstunde-im-krummer-arm-7\\\/#primaryimage\"},\"thumbnailUrl\":\"https:\\\/\\\/www.hausarztzentrum-bad-bevensen.de\\\/aktuelles\\\/wp-content\\\/uploads\\\/2026\\\/04\\\/PXL_20260409_0625224542-scaled.jpg\",\"datePublished\":\"2026-04-09T11:03:43+00:00\",\"dateModified\":\"2026-04-10T06:00:57+00:00\",\"description\":\"Ein Teil der Sprechstunde findet im Krummer Arm 7 statt, da das \u00c4rzteteam gewachsen ist\",\"breadcrumb\":{\"@id\":\"https:\\\/\\\/www.hausarztzentrum-bad-bevensen.de\\\/aktuelles\\\/sprechstunde-im-krummer-arm-7\\\/#breadcrumb\"},\"inLanguage\":\"de\",\"potentialAction\":[{\"@type\":\"ReadAction\",\"target\":[\"https:\\\/\\\/www.hausarztzentrum-bad-bevensen.de\\\/aktuelles\\\/sprechstunde-im-krummer-arm-7\\\/\"]}]},{\"@type\":\"ImageObject\",\"inLanguage\":\"de\",\"@id\":\"https:\\\/\\\/www.hausarztzentrum-bad-bevensen.de\\\/aktuelles\\\/sprechstunde-im-krummer-arm-7\\\/#primaryimage\",\"url\":\"https:\\\/\\\/www.hausarztzentrum-bad-bevensen.de\\\/aktuelles\\\/wp-content\\\/uploads\\\/2026\\\/04\\\/PXL_20260409_0625224542-scaled.jpg\",\"contentUrl\":\"https:\\\/\\\/www.hausarztzentrum-bad-bevensen.de\\\/aktuelles\\\/wp-content\\\/uploads\\\/2026\\\/04\\\/PXL_20260409_0625224542-scaled.jpg\",\"width\":2560,\"height\":1928,\"caption\":\"Informationsschild am Eingang\"},{\"@type\":\"BreadcrumbList\",\"@id\":\"https:\\\/\\\/www.hausarztzentrum-bad-bevensen.de\\\/aktuelles\\\/sprechstunde-im-krummer-arm-7\\\/#breadcrumb\",\"itemListElement\":[{\"@type\":\"ListItem\",\"position\":1,\"name\":\"Start\",\"item\":\"https:\\\/\\\/www.hausarztzentrum-bad-bevensen.de\\\/aktuelles\\\/\"},{\"@type\":\"ListItem\",\"position\":2,\"name\":\"Sprechstunde im Krummer Arm 7\"}]},{\"@type\":\"WebSite\",\"@id\":\"https:\\\/\\\/www.hausarztzentrum-bad-bevensen.de\\\/aktuelles\\\/#website\",\"url\":\"https:\\\/\\\/www.hausarztzentrum-bad-bevensen.de\\\/aktuelles\\\/\",\"name\":\"Aktuelles | Hausarztzentrum Bad Bevensen\",\"description\":\"Aktuelle Informationen, Praxisinfos, Hinweise und Neuigkeiten aus dem Hausarztzentrum Bad Bevensen.\",\"publisher\":{\"@id\":\"https:\\\/\\\/www.hausarztzentrum-bad-bevensen.de\\\/aktuelles\\\/#organization\"},\"potentialAction\":[{\"@type\":\"SearchAction\",\"target\":{\"@type\":\"EntryPoint\",\"urlTemplate\":\"https:\\\/\\\/www.hausarztzentrum-bad-bevensen.de\\\/aktuelles\\\/?s={search_term_string}\"},\"query-input\":{\"@type\":\"PropertyValueSpecification\",\"valueRequired\":true,\"valueName\":\"search_term_string\"}}],\"inLanguage\":\"de\"},{\"@type\":\"Organization\",\"@id\":\"https:\\\/\\\/www.hausarztzentrum-bad-bevensen.de\\\/aktuelles\\\/#organization\",\"name\":\"Hausarztzentrum Bad Bevensen | Gemeinschaftspraxis f\u00fcr Allgemeinmedizin\",\"alternateName\":\"HAZ Bad Bevensen\",\"url\":\"https:\\\/\\\/www.hausarztzentrum-bad-bevensen.de\\\/aktuelles\\\/\",\"logo\":{\"@type\":\"ImageObject\",\"inLanguage\":\"de\",\"@id\":\"https:\\\/\\\/www.hausarztzentrum-bad-bevensen.de\\\/aktuelles\\\/#\\\/schema\\\/logo\\\/image\\\/\",\"url\":\"https:\\\/\\\/www.hausarztzentrum-bad-bevensen.de\\\/aktuelles\\\/wp-content\\\/uploads\\\/2026\\\/03\\\/haz-favicon.png\",\"contentUrl\":\"https:\\\/\\\/www.hausarztzentrum-bad-bevensen.de\\\/aktuelles\\\/wp-content\\\/uploads\\\/2026\\\/03\\\/haz-favicon.png\",\"width\":928,\"height\":928,\"caption\":\"Hausarztzentrum Bad Bevensen | Gemeinschaftspraxis f\u00fcr Allgemeinmedizin\"},\"image\":{\"@id\":\"https:\\\/\\\/www.hausarztzentrum-bad-bevensen.de\\\/aktuelles\\\/#\\\/schema\\\/logo\\\/image\\\/\"}},{\"@type\":\"Person\",\"@id\":\"https:\\\/\\\/www.hausarztzentrum-bad-bevensen.de\\\/aktuelles\\\/#\\\/schema\\\/person\\\/5441fb1a60a70bd0cfb34308ce6df150\",\"name\":\"Hausarztzentrum Bad Bevensen\",\"image\":{\"@type\":\"ImageObject\",\"inLanguage\":\"de\",\"@id\":\"https:\\\/\\\/secure.gravatar.com\\\/avatar\\\/f36e45f6dd8aeb31cba7ccdaa3a4b41bebb564ca6b1a506d25b84f6e1e9aa888?s=96&d=mm&r=g\",\"url\":\"https:\\\/\\\/secure.gravatar.com\\\/avatar\\\/f36e45f6dd8aeb31cba7ccdaa3a4b41bebb564ca6b1a506d25b84f6e1e9aa888?s=96&d=mm&r=g\",\"contentUrl\":\"https:\\\/\\\/secure.gravatar.com\\\/avatar\\\/f36e45f6dd8aeb31cba7ccdaa3a4b41bebb564ca6b1a506d25b84f6e1e9aa888?s=96&d=mm&r=g\",\"caption\":\"Hausarztzentrum Bad Bevensen\"},\"sameAs\":[\"https:\\\/\\\/www.hausarztzentrum-bad-bevensen.de\"],\"url\":\"https:\\\/\\\/www.hausarztzentrum-bad-bevensen.de\\\/aktuelles\\\/author\\\/hausarztzentrum-bad-bevensen\\\/\"}]}<\/script>\n<!-- \/ Yoast SEO plugin. -->","yoast_head_json":{"title":"Sprechstunde im Krummer Arm 7 - Aktuelles | Hausarztzentrum Bad Bevensen","description":"Ein Teil der Sprechstunde findet im Krummer Arm 7 statt, da das \u00c4rzteteam gewachsen ist","robots":{"index":"index","follow":"follow","max-snippet":"max-snippet:-1","max-image-preview":"max-image-preview:large","max-video-preview":"max-video-preview:-1"},"canonical":"https:\/\/www.hausarztzentrum-bad-bevensen.de\/aktuelles\/sprechstunde-im-krummer-arm-7\/","og_locale":"de_DE","og_type":"article","og_title":"Sprechstunde im Krummer Arm 7 - Aktuelles | Hausarztzentrum Bad Bevensen","og_description":"Ein Teil der Sprechstunde findet im Krummer Arm 7 statt, da das \u00c4rzteteam gewachsen ist","og_url":"https:\/\/www.hausarztzentrum-bad-bevensen.de\/aktuelles\/sprechstunde-im-krummer-arm-7\/","og_site_name":"Aktuelles | Hausarztzentrum Bad Bevensen","article_published_time":"2026-04-09T11:03:43+00:00","article_modified_time":"2026-04-10T06:00:57+00:00","og_image":[{"width":2560,"height":1928,"url":"https:\/\/www.hausarztzentrum-bad-bevensen.de\/aktuelles\/wp-content\/uploads\/2026\/04\/PXL_20260409_0625224542-scaled.jpg","type":"image\/jpeg"}],"author":"Hausarztzentrum Bad Bevensen","twitter_card":"summary_large_image","twitter_misc":{"Verfasst von":"Hausarztzentrum Bad Bevensen","Gesch\u00e4tzte Lesezeit":"1\u00a0Minute"},"schema":{"@context":"https:\/\/schema.org","@graph":[{"@type":["Article","BlogPosting"],"@id":"https:\/\/www.hausarztzentrum-bad-bevensen.de\/aktuelles\/sprechstunde-im-krummer-arm-7\/#article","isPartOf":{"@id":"https:\/\/www.hausarztzentrum-bad-bevensen.de\/aktuelles\/sprechstunde-im-krummer-arm-7\/"},"author":{"name":"Hausarztzentrum Bad Bevensen","@id":"https:\/\/www.hausarztzentrum-bad-bevensen.de\/aktuelles\/#\/schema\/person\/5441fb1a60a70bd0cfb34308ce6df150"},"headline":"Sprechstunde im Krummer Arm 7","datePublished":"2026-04-09T11:03:43+00:00","dateModified":"2026-04-10T06:00:57+00:00","mainEntityOfPage":{"@id":"https:\/\/www.hausarztzentrum-bad-bevensen.de\/aktuelles\/sprechstunde-im-krummer-arm-7\/"},"wordCount":150,"publisher":{"@id":"https:\/\/www.hausarztzentrum-bad-bevensen.de\/aktuelles\/#organization"},"image":{"@id":"https:\/\/www.hausarztzentrum-bad-bevensen.de\/aktuelles\/sprechstunde-im-krummer-arm-7\/#primaryimage"},"thumbnailUrl":"https:\/\/www.hausarztzentrum-bad-bevensen.de\/aktuelles\/wp-content\/uploads\/2026\/04\/PXL_20260409_0625224542-scaled.jpg","articleSection":["Praxisinfos"],"inLanguage":"de"},{"@type":"WebPage","@id":"https:\/\/www.hausarztzentrum-bad-bevensen.de\/aktuelles\/sprechstunde-im-krummer-arm-7\/","url":"https:\/\/www.hausarztzentrum-bad-bevensen.de\/aktuelles\/sprechstunde-im-krummer-arm-7\/","name":"Sprechstunde im Krummer Arm 7 - Aktuelles | Hausarztzentrum Bad Bevensen","isPartOf":{"@id":"https:\/\/www.hausarztzentrum-bad-bevensen.de\/aktuelles\/#website"},"primaryImageOfPage":{"@id":"https:\/\/www.hausarztzentrum-bad-bevensen.de\/aktuelles\/sprechstunde-im-krummer-arm-7\/#primaryimage"},"image":{"@id":"https:\/\/www.hausarztzentrum-bad-bevensen.de\/aktuelles\/sprechstunde-im-krummer-arm-7\/#primaryimage"},"thumbnailUrl":"https:\/\/www.hausarztzentrum-bad-bevensen.de\/aktuelles\/wp-content\/uploads\/2026\/04\/PXL_20260409_0625224542-scaled.jpg","datePublished":"2026-04-09T11:03:43+00:00","dateModified":"2026-04-10T06:00:57+00:00","description":"Ein Teil der Sprechstunde findet im Krummer Arm 7 statt, da das \u00c4rzteteam gewachsen ist","breadcrumb":{"@id":"https:\/\/www.hausarztzentrum-bad-bevensen.de\/aktuelles\/sprechstunde-im-krummer-arm-7\/#breadcrumb"},"inLanguage":"de","potentialAction":[{"@type":"ReadAction","target":["https:\/\/www.hausarztzentrum-bad-bevensen.de\/aktuelles\/sprechstunde-im-krummer-arm-7\/"]}]},{"@type":"ImageObject","inLanguage":"de","@id":"https:\/\/www.hausarztzentrum-bad-bevensen.de\/aktuelles\/sprechstunde-im-krummer-arm-7\/#primaryimage","url":"https:\/\/www.hausarztzentrum-bad-bevensen.de\/aktuelles\/wp-content\/uploads\/2026\/04\/PXL_20260409_0625224542-scaled.jpg","contentUrl":"https:\/\/www.hausarztzentrum-bad-bevensen.de\/aktuelles\/wp-content\/uploads\/2026\/04\/PXL_20260409_0625224542-scaled.jpg","width":2560,"height":1928,"caption":"Informationsschild am Eingang"},{"@type":"BreadcrumbList","@id":"https:\/\/www.hausarztzentrum-bad-bevensen.de\/aktuelles\/sprechstunde-im-krummer-arm-7\/#breadcrumb","itemListElement":[{"@type":"ListItem","position":1,"name":"Start","item":"https:\/\/www.hausarztzentrum-bad-bevensen.de\/aktuelles\/"},{"@type":"ListItem","position":2,"name":"Sprechstunde im Krummer Arm 7"}]},{"@type":"WebSite","@id":"https:\/\/www.hausarztzentrum-bad-bevensen.de\/aktuelles\/#website","url":"https:\/\/www.hausarztzentrum-bad-bevensen.de\/aktuelles\/","name":"Aktuelles | Hausarztzentrum Bad Bevensen","description":"Aktuelle Informationen, Praxisinfos, Hinweise und Neuigkeiten aus dem Hausarztzentrum Bad Bevensen.","publisher":{"@id":"https:\/\/www.hausarztzentrum-bad-bevensen.de\/aktuelles\/#organization"},"potentialAction":[{"@type":"SearchAction","target":{"@type":"EntryPoint","urlTemplate":"https:\/\/www.hausarztzentrum-bad-bevensen.de\/aktuelles\/?s={search_term_string}"},"query-input":{"@type":"PropertyValueSpecification","valueRequired":true,"valueName":"search_term_string"}}],"inLanguage":"de"},{"@type":"Organization","@id":"https:\/\/www.hausarztzentrum-bad-bevensen.de\/aktuelles\/#organization","name":"Hausarztzentrum Bad Bevensen | Gemeinschaftspraxis f\u00fcr Allgemeinmedizin","alternateName":"HAZ Bad Bevensen","url":"https:\/\/www.hausarztzentrum-bad-bevensen.de\/aktuelles\/","logo":{"@type":"ImageObject","inLanguage":"de","@id":"https:\/\/www.hausarztzentrum-bad-bevensen.de\/aktuelles\/#\/schema\/logo\/image\/","url":"https:\/\/www.hausarztzentrum-bad-bevensen.de\/aktuelles\/wp-content\/uploads\/2026\/03\/haz-favicon.png","contentUrl":"https:\/\/www.hausarztzentrum-bad-bevensen.de\/aktuelles\/wp-content\/uploads\/2026\/03\/haz-favicon.png","width":928,"height":928,"caption":"Hausarztzentrum Bad Bevensen | Gemeinschaftspraxis f\u00fcr Allgemeinmedizin"},"image":{"@id":"https:\/\/www.hausarztzentrum-bad-bevensen.de\/aktuelles\/#\/schema\/logo\/image\/"}},{"@type":"Person","@id":"https:\/\/www.hausarztzentrum-bad-bevensen.de\/aktuelles\/#\/schema\/person\/5441fb1a60a70bd0cfb34308ce6df150","name":"Hausarztzentrum Bad Bevensen","image":{"@type":"ImageObject","inLanguage":"de","@id":"https:\/\/secure.gravatar.com\/avatar\/f36e45f6dd8aeb31cba7ccdaa3a4b41bebb564ca6b1a506d25b84f6e1e9aa888?s=96&d=mm&r=g","url":"https:\/\/secure.gravatar.com\/avatar\/f36e45f6dd8aeb31cba7ccdaa3a4b41bebb564ca6b1a506d25b84f6e1e9aa888?s=96&d=mm&r=g","contentUrl":"https:\/\/secure.gravatar.com\/avatar\/f36e45f6dd8aeb31cba7ccdaa3a4b41bebb564ca6b1a506d25b84f6e1e9aa888?s=96&d=mm&r=g","caption":"Hausarztzentrum Bad Bevensen"},"sameAs":["https:\/\/www.hausarztzentrum-bad-bevensen.de"],"url":"https:\/\/www.hausarztzentrum-bad-bevensen.de\/aktuelles\/author\/hausarztzentrum-bad-bevensen\/"}]}},"_links":{"self":[{"href":"https:\/\/www.hausarztzentrum-bad-bevensen.de\/aktuelles\/wp-json\/wp\/v2\/posts\/55","targetHints":{"allow":["GET"]}}],"collection":[{"href":"https:\/\/www.hausarztzentrum-bad-bevensen.de\/aktuelles\/wp-json\/wp\/v2\/posts"}],"about":[{"href":"https:\/\/www.hausarztzentrum-bad-bevensen.de\/aktuelles\/wp-json\/wp\/v2\/types\/post"}],"author":[{"embeddable":true,"href":"https:\/\/www.hausarztzentrum-bad-bevensen.de\/aktuelles\/wp-json\/wp\/v2\/users\/2"}],"replies":[{"embeddable":true,"href":"https:\/\/www.hausarztzentrum-bad-bevensen.de\/aktuelles\/wp-json\/wp\/v2\/comments?post=55"}],"version-history":[{"count":4,"href":"https:\/\/www.hausarztzentrum-bad-bevensen.de\/aktuelles\/wp-json\/wp\/v2\/posts\/55\/revisions"}],"predecessor-version":[{"id":62,"href":"https:\/\/www.hausarztzentrum-bad-bevensen.de\/aktuelles\/wp-json\/wp\/v2\/posts\/55\/revisions\/62"}],"wp:featuredmedia":[{"embeddable":true,"href":"https:\/\/www.hausarztzentrum-bad-bevensen.de\/aktuelles\/wp-json\/wp\/v2\/media\/56"}],"wp:attachment":[{"href":"https:\/\/www.hausarztzentrum-bad-bevensen.de\/aktuelles\/wp-json\/wp\/v2\/media?parent=55"}],"wp:term":[{"taxonomy":"category","embeddable":true,"href":"https:\/\/www.hausarztzentrum-bad-bevensen.de\/aktuelles\/wp-json\/wp\/v2\/categories?post=55"},{"taxonomy":"post_tag","embeddable":true,"href":"https:\/\/www.hausarztzentrum-bad-bevensen.de\/aktuelles\/wp-json\/wp\/v2\/tags?post=55"}],"curies":[{"name":"wp","href":"https:\/\/api.w.org\/{rel}","templated":true}]}}